[{"@context":"https:\/\/schema.org\/","@type":"Article","@id":"https:\/\/www.abela.cz\/zajem-a-cistota\/#Article","mainEntityOfPage":"https:\/\/www.abela.cz\/zajem-a-cistota\/","headline":"Z\u00e1jem a \u010distota","name":"Z\u00e1jem a \u010distota","description":"Je to s podivem, ale je to tak. D\u016fvody by musel asi naj\u00edt sp\u00ed\u0161e n\u011bjak\u00fd","datePublished":"2025-01-24","dateModified":"2025-01-24","author":{"@type":"Person","@id":"https:\/\/www.abela.cz\/author\/#Person","name":"","url":"https:\/\/www.abela.cz\/author\/","identifier":1,"image":{"@type":"ImageObject","@id":"https:\/\/secure.gravatar.com\/avatar\/9994033610bfa8d5c75e7c2dd1b5bdd54900f4ed2e7e5c6722d4887246e31af4?s=96&d=mm&r=g","url":"https:\/\/secure.gravatar.com\/avatar\/9994033610bfa8d5c75e7c2dd1b5bdd54900f4ed2e7e5c6722d4887246e31af4?s=96&d=mm&r=g","height":96,"width":96}},"publisher":{"@type":"Organization","name":"abela.cz","logo":{"@type":"ImageObject","@id":"\/logo.png","url":"\/logo.png","width":600,"height":60}},"image":{"@type":"ImageObject","@id":"https:\/\/www.abela.cz\/wp-content\/uploads\/apartment-lounge-3147892_640_5.jpg","url":"https:\/\/www.abela.cz\/wp-content\/uploads\/apartment-lounge-3147892_640_5.jpg","height":0,"width":0},"url":"https:\/\/www.abela.cz\/zajem-a-cistota\/","about":["D\u016fm a zahrada"],"wordCount":440,"articleBody":"        Je to s podivem, ale je to tak. D\u016fvody by musel asi naj\u00edt sp\u00ed\u0161e n\u011bjak\u00fd psychiatr. V tomto \u010dl\u00e1nku je rozhodn\u011b hledat nebudeme. Nen\u00ed tu na to m\u00edsto. My se pod\u00edv\u00e1me na ty obyvatele z opa\u010dn\u00e9 strany. Na ty, kte\u0159\u00ed si bydlen\u00ed v\u00e1\u017e\u00ed a kte\u0159\u00ed o sv\u016fj byt \u010di d\u016fm tak\u00e9 pat\u0159i\u010dn\u011b pe\u010duj\u00ed. Mo\u017en\u00e1 si i vy star\u0161\u00ed pamatujete, jak\u00e9 to byly \u010dasy, kdy\u017e jste dostali, nebo si koupili sv\u016fj prvn\u00ed byt. To bylo sl\u00e1vy. A pak jste si jej za\u010dali za\u0159izovat. Jist\u011b jste u\u017e tehdy cht\u011bli m\u00edt v\u0161echno modern\u00ed, ale hlavn\u011b hezk\u00e9. Kdo by tak\u00e9 necht\u011bl. Tak\u017ee jste b\u011bhali po obchodech a prohl\u00ed\u017eeli si vystaven\u00e9 zbo\u017e\u00ed. N\u00e1bytek i to ostatn\u00ed pak bylo p\u0159ivezeno a za\u010dalo se to d\u00e1vat tak n\u011bjak dohromady. Inu, bylo to na\u0161e. Mo\u017en\u00e1 v tom byt\u011b bydl\u00edte dosud a nic jste nevym\u011bnili. Mo\u017en\u00e1 jste si ji\u017e museli po\u0159\u00eddit n\u00e1bytek nov\u00fd, ale koncept bytu jste ponechali. Pokud se v\u00e1m to tak l\u00edb\u00ed a vyhovuje v\u00e1m to, tak pro\u010d ne. Dne\u0161n\u00ed trendy jsou drob\u00e1tko n\u011bkde jinde a mlad\u00ed lid\u00e9 cht\u011bj\u00ed m\u00edt v\u0161echno rychle. Ty by asi nebavilo jezdit t\u00fdden po m\u011bstech kv\u016fli ob\u00fdvac\u00ed st\u011bn\u011b. Ti si rad\u011bji sednou a vyu\u017eij\u00ed k tomu internet. A pro\u010d tak\u00e9 ne, kdy\u017e tu mo\u017enost maj\u00ed? U\u0161et\u0159\u00ed spoustu \u010dasu a v\u00fddaj\u016f za cestovn\u00e9. A mo\u017en\u00e1 p\u0159i tom hled\u00e1n\u00ed a za\u0159izov\u00e1n\u00ed tak\u00e9 naraz\u00ed na pojem bytov\u00fd design\u00e9r.Ur\u010dit\u011b je to za\u010dne zaj\u00edmat a kdy\u017e uvid\u00ed v\u00fdsledky jeho pr\u00e1ce, m\u016f\u017ee se lehce st\u00e1t, \u017ee se na v\u0161echno vyka\u0161lou a sv\u011b\u0159\u00ed za\u0159izov\u00e1n\u00ed bytu nebo cel\u00e9ho domu do jeho rukou. V\u00fdhody? Op\u011bt ten u\u0161et\u0159en\u00fd \u010das, proto\u017ee takov\u00fd \u010dlov\u011bk studoval v cizin\u011b a m\u00e1 tedy p\u0159ehled co je v sou\u010dasnosti to nejmodern\u011bj\u0161\u00ed a co by si mohl do bytu d\u00e1t. Nemyslete si, \u017ee nap\u0159\u00edklad bytov\u00fd design\u00e9r Praha si to cel\u00e9 ud\u011bl\u00e1 po sv\u00e9m. To ne. Mus\u00ed to konzultovat se z\u00e1kazn\u00edkem. Pokud mu ov\u0161em ten d\u00e1 naprosto volnou ruku, je to jin\u00e1 v\u011bc. Ale to se st\u00e1v\u00e1 m\u00e1lokdy, v\u011bt\u0161inou tento \u010dlov\u011bk ud\u011bl\u00e1 n\u011bjak\u00e9 n\u00e1vrhy, kter\u00fdch se pak dr\u017e\u00ed a kter\u00e9 v\u00e1m mus\u00ed uk\u00e1zat.                                                                                                                                                                                                                                                                                                                                                                                           4.2\/5 - (13 votes)        "},{"@context":"https:\/\/schema.org\/","@type":"BreadcrumbList","itemListElement":[{"@type":"ListItem","position":1,"name":"Z\u00e1jem a \u010distota","item":"https:\/\/www.abela.cz\/zajem-a-cistota\/#breadcrumbitem"}]}]