[{"@context":"https:\/\/schema.org\/","@type":"Article","@id":"https:\/\/www.abela.cz\/vyssi-odskodneni-za-uraz\/#Article","mainEntityOfPage":"https:\/\/www.abela.cz\/vyssi-odskodneni-za-uraz\/","headline":"Vy\u0161\u0161\u00ed od\u0161kodn\u011bn\u00ed za \u00faraz","name":"Vy\u0161\u0161\u00ed od\u0161kodn\u011bn\u00ed za \u00faraz","description":"\u017dijete \u0159\u00e1dn\u00fdm rodinn\u00fdm \u017eivotem, chod\u00edte do pr\u00e1ce, d\u011bti do \u0161kolky, m\u00e1te se r\u00e1di. Ob\u010das si","datePublished":"2021-03-19","dateModified":"2023-05-06","author":{"@type":"Person","@id":"https:\/\/www.abela.cz\/author\/#Person","name":"","url":"https:\/\/www.abela.cz\/author\/","identifier":1,"image":{"@type":"ImageObject","@id":"https:\/\/secure.gravatar.com\/avatar\/9994033610bfa8d5c75e7c2dd1b5bdd54900f4ed2e7e5c6722d4887246e31af4?s=96&d=mm&r=g","url":"https:\/\/secure.gravatar.com\/avatar\/9994033610bfa8d5c75e7c2dd1b5bdd54900f4ed2e7e5c6722d4887246e31af4?s=96&d=mm&r=g","height":96,"width":96}},"publisher":{"@type":"Organization","name":"abela.cz","logo":{"@type":"ImageObject","@id":"\/logo.png","url":"\/logo.png","width":600,"height":60}},"image":{"@type":"ImageObject","@id":"https:\/\/www.abela.cz\/wp-content\/uploads\/pap%C3%ADrov%C3%A1%20bankovka.png","url":"https:\/\/www.abela.cz\/wp-content\/uploads\/pap%C3%ADrov%C3%A1%20bankovka.png","height":0,"width":0},"url":"https:\/\/www.abela.cz\/vyssi-odskodneni-za-uraz\/","about":["Slu\u017eby"],"wordCount":439,"articleBody":"     \u017dijete \u0159\u00e1dn\u00fdm rodinn\u00fdm \u017eivotem, chod\u00edte do pr\u00e1ce, d\u011bti do \u0161kolky, m\u00e1te se r\u00e1di. Ob\u010das si vyraz\u00edte na zahrani\u010dn\u00ed dovolenou k mo\u0159i \u2013 co by rodi\u010de pro d\u011bti neud\u011blali! \u017dijete poklidn\u00fdm spokojen\u00fdm \u017eivotem, proto\u017ee je pro v\u00e1s d\u016fle\u017eit\u00e9, \u017ee m\u00e1te pr\u00e1ci a rodina je finan\u010dn\u011b zaji\u0161t\u011bna.Ale jak to u\u017e tak b\u00fdv\u00e1, ne\u0161t\u011bst\u00ed nechod\u00ed po hor\u00e1ch, ale po lidech. \u017diviteli rodiny se stane velmi nep\u0159\u00edjemn\u00fd pracovn\u00ed \u00faraz, kter\u00fd zanech\u00e1 trval\u00e9 n\u00e1sledky a po n\u011bkolika m\u011bs\u00edc\u00edch str\u00e1ven\u00fdch v nemocnici se sice dom\u016f na dol\u00e9\u010den\u00ed vrac\u00ed, ale s n\u00edm i n\u00edzk\u00e9 nemocensk\u00e9 d\u00e1vky, kter\u00e9 vypl\u00e1c\u00ed okresn\u00ed spr\u00e1va soci\u00e1ln\u00edho zabezpe\u010den\u00ed. Hranice v\u00fdplaty nemocensk\u00fdch d\u00e1vek jsou limitov\u00e1ny, nelze do nekone\u010dna pob\u00edrat nemocenskou, proto dbejte i na to, aby od\u0161kodn\u011bn\u00ed za pracovn\u00ed \u00faraz byl pro v\u00e1s akceptovateln\u00fd a ve v\u00fd\u0161i, kter\u00e1 vr\u00e1t\u00ed rodin\u011b op\u011bt p\u016fvodn\u00ed standard.Proto\u017ee podstatn\u00fdm sn\u00ed\u017een\u00edm p\u0159\u00edjm\u016f mnohdy doch\u00e1z\u00ed ke sn\u00ed\u017een\u00ed \u017eivotn\u00ed \u00farovn\u011b rodiny, jeliko\u017e je nutn\u00e9 nemocn\u00e9ho vozit k l\u00e9ka\u0159i, zaji\u0161\u0165ovat mu doprovod, l\u00e9ky, mnohdy i rehabilita\u010dn\u00ed pom\u016fcky \u010di p\u0159\u00edmo rehabilitace, kter\u00e9 ne v\u017edy jsou hrazen\u00e9 poji\u0161\u0165ovnou, to kdy\u017e si zrovna vyberete kvalitn\u00edho a odborn\u011b zdatn\u00e9ho rehabilita\u010dn\u00edho pracovn\u00edka, kter\u00fd nem\u00e1 uzav\u0159enou smlouvu s va\u0161\u00ed zdravotn\u00ed poji\u0161\u0165ovnou. Nenechte se oklamat n\u00edzk\u00fdm pln\u011bn\u00edm za od\u0161kodn\u011bn\u00ed p\u0159i pracovn\u00edm \u00farazu a zjist\u011bte si, na co v\u0161echno m\u00e1te n\u00e1rok. To jste asi v\u011bd\u011bli, \u017ee m\u00e1te n\u00e1rok na bolestn\u00e9, proto\u017ee zam\u011bstnavatel\u00e9 s t\u00edm sv\u00e9 zam\u011bstnance seznamuj\u00ed. L\u00e9ka\u0159 po ukon\u010den\u00ed pracovn\u00ed neschopnosti vypln\u00ed i formul\u00e1\u0159 bolestn\u00e9ho, kde se ur\u010dit\u00fdmi body ohodnot\u00ed diagn\u00f3za a dle bod\u016f pak poji\u0161\u0165ovna vypl\u00e1c\u00ed bolestn\u00e9. V\u011bd\u011bli jste nap\u0159\u00edklad, \u017ee m\u00e1te n\u00e1rok ale i na zt\u00ed\u017een\u00e9 spole\u010densk\u00e9 uplatn\u011bn\u00ed, ztr\u00e1tu na v\u00fdd\u011blku b\u011bhem pracovn\u00ed neschopnosti, ale i na ztr\u00e1tu na v\u00fdd\u011blku po ukon\u010den\u00ed pracovn\u00ed neschopnosti? To v\u0161e za v\u00e1s um\u00edme a m\u016f\u017eeme zajistit, pokud se obr\u00e1t\u00edte na na\u0161i bezplatnou on-line pr\u00e1vn\u00ed poradnu, kter\u00e1 v p\u0159\u00edpad\u011b \u00fajmy na zdrav\u00ed pro v\u00e1s pracuje zcela b e z p l a t n \u011b!                                                                                                                                                                                                                                                                                                                                                                                                 "},{"@context":"https:\/\/schema.org\/","@type":"BreadcrumbList","itemListElement":[{"@type":"ListItem","position":1,"name":"Vy\u0161\u0161\u00ed od\u0161kodn\u011bn\u00ed za \u00faraz","item":"https:\/\/www.abela.cz\/vyssi-odskodneni-za-uraz\/#breadcrumbitem"}]}]