[{"@context":"https:\/\/schema.org\/","@type":"Article","@id":"https:\/\/www.abela.cz\/vyklizeci-prace\/#Article","mainEntityOfPage":"https:\/\/www.abela.cz\/vyklizeci-prace\/","headline":"Vykl\u00edzec\u00ed pr\u00e1ce","name":"Vykl\u00edzec\u00ed pr\u00e1ce","description":"Hled\u00e1te n\u011bkoho, kdo by v\u00e1m pomohl s vykl\u00edzen\u00edm prostor? Cht\u011bli byste toti\u017e prov\u00e9st ur\u010dit\u00e9 zm\u011bny","datePublished":"2023-08-24","dateModified":"2023-08-24","author":{"@type":"Person","@id":"https:\/\/www.abela.cz\/author\/#Person","name":"","url":"https:\/\/www.abela.cz\/author\/","identifier":1,"image":{"@type":"ImageObject","@id":"https:\/\/secure.gravatar.com\/avatar\/9994033610bfa8d5c75e7c2dd1b5bdd54900f4ed2e7e5c6722d4887246e31af4?s=96&d=mm&r=g","url":"https:\/\/secure.gravatar.com\/avatar\/9994033610bfa8d5c75e7c2dd1b5bdd54900f4ed2e7e5c6722d4887246e31af4?s=96&d=mm&r=g","height":96,"width":96}},"publisher":{"@type":"Organization","name":"abela.cz","logo":{"@type":"ImageObject","@id":"\/logo.png","url":"\/logo.png","width":600,"height":60}},"url":"https:\/\/www.abela.cz\/vyklizeci-prace\/","wordCount":238,"articleBody":"Hled\u00e1te n\u011bkoho, kdo by v\u00e1m pomohl s vykl\u00edzen\u00edm prostor? Cht\u011bli byste toti\u017e prov\u00e9st ur\u010dit\u00e9 zm\u011bny v kr\u00e1tk\u00e9m \u010dase, ale nen\u00ed nikdo, kdo by v\u00e1m s vykl\u00edzen\u00edm pomohl? Pak je tu pro v\u00e1s na\u0161e firma, kter\u00e1 na to p\u016fjde odborn\u011b, tak\u017ee v\u0161echna pr\u00e1ce bude odvedena kvalitn\u011b a p\u0159edev\u0161\u00edm rychle. Zam\u011b\u0159ujeme se p\u0159edev\u0161\u00edm na vykl\u00edzen\u00ed bytov\u00fdch prostor, dom\u016f \u010di chat, d\u00e1le na kancel\u00e1\u0159e, sklepy, d\u00edlny, p\u016fdy \u010di sklady, ale samoz\u0159ejm\u011b je mo\u017enost se individu\u00e1ln\u011b domluvit. A\u0165 u\u017e bude \u00fakol\u016f, kolik chce, prob\u011bhne levn\u011b st\u011bhov\u00e1n\u00ed Praha a skute\u010dn\u011b se vyplat\u00ed.Kontaktujte n\u00e1s kdykoliNejprve bude d\u016fle\u017eit\u00e9 se s n\u00e1mi domluvit na term\u00ednu obhl\u00eddky prostor, proto\u017ee je zapot\u0159eb\u00ed ud\u011blat cenovou kalkulaci a tak\u00e9 prov\u00e9st konzultaci o v\u0161em, co bude t\u0159eba uklidit. Hlavn\u00edm heslem je rychlost, kvalitn\u011b odveden\u00e1 pr\u00e1ce a profesionalita. D\u00edky spolupr\u00e1ci s t\u00fdmem \u010di\u0161t\u011bn\u00ed Praha v\u00e1m m\u016f\u017eeme zajistit tak\u00e9 vys\u00e1t\u00ed prachu pomoc\u00ed pr\u016fmyslov\u00e9ho vysava\u010de a tak\u00e9 vy\u010di\u0161t\u011bn\u00ed koberc\u016f nebo seda\u010dek \u010di myt\u00ed oken a v\u00fdloh. Sta\u010d\u00ed si vybrat to nejlep\u0161\u00ed pro svou situaci a dohodnout se s n\u00e1mi na podrobnostech.                                                                                                                                                                                                                                                                                                                                                                                        4.6\/5 - (7 votes)        "},{"@context":"https:\/\/schema.org\/","@type":"BreadcrumbList","itemListElement":[{"@type":"ListItem","position":1,"name":"Vykl\u00edzec\u00ed pr\u00e1ce","item":"https:\/\/www.abela.cz\/vyklizeci-prace\/#breadcrumbitem"}]}]