{"@context":"https:\/\/schema.org\/","@type":"CollectionPage","@id":"https:\/\/www.abela.cz\/sluzby\/#CollectionPage","headline":"Slu\u017eby Category","description":"","url":"https:\/\/www.abela.cz\/sluzby\/","hasPart":[{"@type":"Article","@id":"https:\/\/www.abela.cz\/zdrava-strava-nemusi-byt-nuda\/","headline":"Zdrav\u00e1 strava nemus\u00ed b\u00fdt nuda!","url":"https:\/\/www.abela.cz\/zdrava-strava-nemusi-byt-nuda\/","datePublished":"2020-05-18","dateModified":"2023-05-06","mainEntityOfPage":"https:\/\/www.abela.cz\/zdrava-strava-nemusi-byt-nuda\/","author":{"@type":"Person","@id":"https:\/\/www.abela.cz\/author\/#Person","name":"","url":"https:\/\/www.abela.cz\/author\/","identifier":1,"image":{"@type":"ImageObject","@id":"https:\/\/secure.gravatar.com\/avatar\/9994033610bfa8d5c75e7c2dd1b5bdd54900f4ed2e7e5c6722d4887246e31af4?s=96&d=mm&r=g","url":"https:\/\/secure.gravatar.com\/avatar\/9994033610bfa8d5c75e7c2dd1b5bdd54900f4ed2e7e5c6722d4887246e31af4?s=96&d=mm&r=g","height":96,"width":96}},"publisher":{"@type":"Organization","name":"abela.cz","logo":{"@type":"ImageObject","@id":"\/logo.png","url":"\/logo.png","width":600,"height":60}},"image":{"@type":"ImageObject","@id":"https:\/\/www.abela.cz\/wp-content\/uploads\/fruit-3046345_1920.jpg","url":"https:\/\/www.abela.cz\/wp-content\/uploads\/fruit-3046345_1920.jpg","height":0,"width":0},"keywords":null},{"@type":"Article","@id":"https:\/\/www.abela.cz\/darujte-zazitek\/","headline":"Darujte z\u00e1\u017eitek","url":"https:\/\/www.abela.cz\/darujte-zazitek\/","datePublished":"2020-05-15","dateModified":"2024-05-24","mainEntityOfPage":"https:\/\/www.abela.cz\/darujte-zazitek\/","author":{"@type":"Person","@id":"https:\/\/www.abela.cz\/author\/#Person","name":"","url":"https:\/\/www.abela.cz\/author\/","identifier":1,"image":{"@type":"ImageObject","@id":"https:\/\/secure.gravatar.com\/avatar\/9994033610bfa8d5c75e7c2dd1b5bdd54900f4ed2e7e5c6722d4887246e31af4?s=96&d=mm&r=g","url":"https:\/\/secure.gravatar.com\/avatar\/9994033610bfa8d5c75e7c2dd1b5bdd54900f4ed2e7e5c6722d4887246e31af4?s=96&d=mm&r=g","height":96,"width":96}},"publisher":{"@type":"Organization","name":"abela.cz","logo":{"@type":"ImageObject","@id":"\/logo.png","url":"\/logo.png","width":600,"height":60}},"image":{"@type":"ImageObject","@id":"https:\/\/www.abela.cz\/wp-content\/uploads\/vinice_1.jpg","url":"https:\/\/www.abela.cz\/wp-content\/uploads\/vinice_1.jpg","height":0,"width":0},"keywords":null},{"@type":"Article","@id":"https:\/\/www.abela.cz\/jidlo-vytistene-s-laskou\/","headline":"J\u00eddlo vyti\u0161t\u011bn\u00e9 s l\u00e1skou","url":"https:\/\/www.abela.cz\/jidlo-vytistene-s-laskou\/","datePublished":"2019-08-17","dateModified":"2023-05-06","mainEntityOfPage":"https:\/\/www.abela.cz\/jidlo-vytistene-s-laskou\/","author":{"@type":"Person","@id":"https:\/\/www.abela.cz\/author\/#Person","name":"","url":"https:\/\/www.abela.cz\/author\/","identifier":1,"image":{"@type":"ImageObject","@id":"https:\/\/secure.gravatar.com\/avatar\/9994033610bfa8d5c75e7c2dd1b5bdd54900f4ed2e7e5c6722d4887246e31af4?s=96&d=mm&r=g","url":"https:\/\/secure.gravatar.com\/avatar\/9994033610bfa8d5c75e7c2dd1b5bdd54900f4ed2e7e5c6722d4887246e31af4?s=96&d=mm&r=g","height":96,"width":96}},"publisher":{"@type":"Organization","name":"abela.cz","logo":{"@type":"ImageObject","@id":"\/logo.png","url":"\/logo.png","width":600,"height":60}},"image":{"@type":"ImageObject","@id":"https:\/\/www.abela.cz\/wp-content\/uploads\/img_a351587_w2808_t1566123240.jpg","url":"https:\/\/www.abela.cz\/wp-content\/uploads\/img_a351587_w2808_t1566123240.jpg","height":0,"width":0},"keywords":null}]}