{"@context":"https:\/\/schema.org\/","@type":"CollectionPage","@id":"https:\/\/www.abela.cz\/sluzby\/#CollectionPage","headline":"Slu\u017eby Category","description":"","url":"https:\/\/www.abela.cz\/sluzby\/","hasPart":[{"@type":"Article","@id":"https:\/\/www.abela.cz\/jezdete-i-v-praze\/","headline":"Jezd\u011bte i v Praze","url":"https:\/\/www.abela.cz\/jezdete-i-v-praze\/","datePublished":"2025-07-03","dateModified":"2025-07-03","mainEntityOfPage":"https:\/\/www.abela.cz\/jezdete-i-v-praze\/","author":{"@type":"Person","@id":"https:\/\/www.abela.cz\/author\/#Person","name":"","url":"https:\/\/www.abela.cz\/author\/","identifier":1,"image":{"@type":"ImageObject","@id":"https:\/\/secure.gravatar.com\/avatar\/9994033610bfa8d5c75e7c2dd1b5bdd54900f4ed2e7e5c6722d4887246e31af4?s=96&d=mm&r=g","url":"https:\/\/secure.gravatar.com\/avatar\/9994033610bfa8d5c75e7c2dd1b5bdd54900f4ed2e7e5c6722d4887246e31af4?s=96&d=mm&r=g","height":96,"width":96}},"publisher":{"@type":"Organization","name":"abela.cz","logo":{"@type":"ImageObject","@id":"\/logo.png","url":"\/logo.png","width":600,"height":60}},"image":{"@type":"ImageObject","@id":"https:\/\/www.abela.cz\/wp-content\/uploads\/driving-instructors-380066_640(1)_10_3.jpg","url":"https:\/\/www.abela.cz\/wp-content\/uploads\/driving-instructors-380066_640(1)_10_3.jpg","height":0,"width":0},"keywords":null},{"@type":"Article","@id":"https:\/\/www.abela.cz\/zateplime-si-dum-mineralni-vatou\/","headline":"Zatepl\u00edme si d\u016fm miner\u00e1ln\u00ed vatou","url":"https:\/\/www.abela.cz\/zateplime-si-dum-mineralni-vatou\/","datePublished":"2025-04-01","dateModified":"2025-04-01","mainEntityOfPage":"https:\/\/www.abela.cz\/zateplime-si-dum-mineralni-vatou\/","author":{"@type":"Person","@id":"https:\/\/www.abela.cz\/author\/#Person","name":"","url":"https:\/\/www.abela.cz\/author\/","identifier":1,"image":{"@type":"ImageObject","@id":"https:\/\/secure.gravatar.com\/avatar\/9994033610bfa8d5c75e7c2dd1b5bdd54900f4ed2e7e5c6722d4887246e31af4?s=96&d=mm&r=g","url":"https:\/\/secure.gravatar.com\/avatar\/9994033610bfa8d5c75e7c2dd1b5bdd54900f4ed2e7e5c6722d4887246e31af4?s=96&d=mm&r=g","height":96,"width":96}},"publisher":{"@type":"Organization","name":"abela.cz","logo":{"@type":"ImageObject","@id":"\/logo.png","url":"\/logo.png","width":600,"height":60}},"image":{"@type":"ImageObject","@id":"https:\/\/www.abela.cz\/wp-content\/uploads\/construction-5084516_640.jpg","url":"https:\/\/www.abela.cz\/wp-content\/uploads\/construction-5084516_640.jpg","height":0,"width":0},"keywords":null},{"@type":"Article","@id":"https:\/\/www.abela.cz\/jak-mit-zdrava-zada\/","headline":"Jak m\u00edt zdrav\u00e1 z\u00e1da?","url":"https:\/\/www.abela.cz\/jak-mit-zdrava-zada\/","datePublished":"2025-03-25","dateModified":"2025-03-25","mainEntityOfPage":"https:\/\/www.abela.cz\/jak-mit-zdrava-zada\/","author":{"@type":"Person","@id":"https:\/\/www.abela.cz\/author\/#Person","name":"","url":"https:\/\/www.abela.cz\/author\/","identifier":1,"image":{"@type":"ImageObject","@id":"https:\/\/secure.gravatar.com\/avatar\/9994033610bfa8d5c75e7c2dd1b5bdd54900f4ed2e7e5c6722d4887246e31af4?s=96&d=mm&r=g","url":"https:\/\/secure.gravatar.com\/avatar\/9994033610bfa8d5c75e7c2dd1b5bdd54900f4ed2e7e5c6722d4887246e31af4?s=96&d=mm&r=g","height":96,"width":96}},"publisher":{"@type":"Organization","name":"abela.cz","logo":{"@type":"ImageObject","@id":"\/logo.png","url":"\/logo.png","width":600,"height":60}},"image":{"@type":"ImageObject","@id":"https:\/\/www.abela.cz\/wp-content\/uploads\/the-back-3605073_640_2.jpg","url":"https:\/\/www.abela.cz\/wp-content\/uploads\/the-back-3605073_640_2.jpg","height":0,"width":0},"keywords":null},{"@type":"Article","@id":"https:\/\/www.abela.cz\/sidlo-firmy-v-praze-nabizi-i-volnocasove-aktivity\/","headline":"S\u00eddlo firmy v Praze nab\u00edz\u00ed i volno\u010dasov\u00e9 aktivity","url":"https:\/\/www.abela.cz\/sidlo-firmy-v-praze-nabizi-i-volnocasove-aktivity\/","datePublished":"2025-01-14","dateModified":"2025-01-14","mainEntityOfPage":"https:\/\/www.abela.cz\/sidlo-firmy-v-praze-nabizi-i-volnocasove-aktivity\/","author":{"@type":"Person","@id":"https:\/\/www.abela.cz\/author\/#Person","name":"","url":"https:\/\/www.abela.cz\/author\/","identifier":1,"image":{"@type":"ImageObject","@id":"https:\/\/secure.gravatar.com\/avatar\/9994033610bfa8d5c75e7c2dd1b5bdd54900f4ed2e7e5c6722d4887246e31af4?s=96&d=mm&r=g","url":"https:\/\/secure.gravatar.com\/avatar\/9994033610bfa8d5c75e7c2dd1b5bdd54900f4ed2e7e5c6722d4887246e31af4?s=96&d=mm&r=g","height":96,"width":96}},"publisher":{"@type":"Organization","name":"abela.cz","logo":{"@type":"ImageObject","@id":"\/logo.png","url":"\/logo.png","width":600,"height":60}},"image":{"@type":"ImageObject","@id":"https:\/\/www.abela.cz\/wp-content\/uploads\/prague-4926106_640_1.jpg","url":"https:\/\/www.abela.cz\/wp-content\/uploads\/prague-4926106_640_1.jpg","height":0,"width":0},"keywords":null},{"@type":"Article","@id":"https:\/\/www.abela.cz\/testy-maji-smysl\/","headline":"Testy maj\u00ed smysl","url":"https:\/\/www.abela.cz\/testy-maji-smysl\/","datePublished":"2024-12-21","dateModified":"2024-12-21","mainEntityOfPage":"https:\/\/www.abela.cz\/testy-maji-smysl\/","author":{"@type":"Person","@id":"https:\/\/www.abela.cz\/author\/#Person","name":"","url":"https:\/\/www.abela.cz\/author\/","identifier":1,"image":{"@type":"ImageObject","@id":"https:\/\/secure.gravatar.com\/avatar\/9994033610bfa8d5c75e7c2dd1b5bdd54900f4ed2e7e5c6722d4887246e31af4?s=96&d=mm&r=g","url":"https:\/\/secure.gravatar.com\/avatar\/9994033610bfa8d5c75e7c2dd1b5bdd54900f4ed2e7e5c6722d4887246e31af4?s=96&d=mm&r=g","height":96,"width":96}},"publisher":{"@type":"Organization","name":"abela.cz","logo":{"@type":"ImageObject","@id":"\/logo.png","url":"\/logo.png","width":600,"height":60}},"image":{"@type":"ImageObject","@id":"https:\/\/www.abela.cz\/wp-content\/uploads\/kor.jpg","url":"https:\/\/www.abela.cz\/wp-content\/uploads\/kor.jpg","height":0,"width":0},"keywords":null},{"@type":"Article","@id":"https:\/\/www.abela.cz\/stehovani-pokojovych-rostlin-v-zime-je-narocny-proces\/","headline":"St\u011bhov\u00e1n\u00ed pokojov\u00fdch rostlin v zim\u011b je n\u00e1ro\u010dn\u00fd proces","url":"https:\/\/www.abela.cz\/stehovani-pokojovych-rostlin-v-zime-je-narocny-proces\/","datePublished":"2024-12-14","dateModified":"2024-12-14","mainEntityOfPage":"https:\/\/www.abela.cz\/stehovani-pokojovych-rostlin-v-zime-je-narocny-proces\/","author":{"@type":"Person","@id":"https:\/\/www.abela.cz\/author\/#Person","name":"","url":"https:\/\/www.abela.cz\/author\/","identifier":1,"image":{"@type":"ImageObject","@id":"https:\/\/secure.gravatar.com\/avatar\/9994033610bfa8d5c75e7c2dd1b5bdd54900f4ed2e7e5c6722d4887246e31af4?s=96&d=mm&r=g","url":"https:\/\/secure.gravatar.com\/avatar\/9994033610bfa8d5c75e7c2dd1b5bdd54900f4ed2e7e5c6722d4887246e31af4?s=96&d=mm&r=g","height":96,"width":96}},"publisher":{"@type":"Organization","name":"abela.cz","logo":{"@type":"ImageObject","@id":"\/logo.png","url":"\/logo.png","width":600,"height":60}},"image":{"@type":"ImageObject","@id":"https:\/\/www.abela.cz\/wp-content\/uploads\/potted-plants-582820_640.jpg","url":"https:\/\/www.abela.cz\/wp-content\/uploads\/potted-plants-582820_640.jpg","height":0,"width":0},"keywords":null},{"@type":"Article","@id":"https:\/\/www.abela.cz\/bazen-neni-luxus\/","headline":"Baz\u00e9n nen\u00ed luxus","url":"https:\/\/www.abela.cz\/bazen-neni-luxus\/","datePublished":"2024-08-09","dateModified":"2024-08-09","mainEntityOfPage":"https:\/\/www.abela.cz\/bazen-neni-luxus\/","author":{"@type":"Person","@id":"https:\/\/www.abela.cz\/author\/#Person","name":"","url":"https:\/\/www.abela.cz\/author\/","identifier":1,"image":{"@type":"ImageObject","@id":"https:\/\/secure.gravatar.com\/avatar\/9994033610bfa8d5c75e7c2dd1b5bdd54900f4ed2e7e5c6722d4887246e31af4?s=96&d=mm&r=g","url":"https:\/\/secure.gravatar.com\/avatar\/9994033610bfa8d5c75e7c2dd1b5bdd54900f4ed2e7e5c6722d4887246e31af4?s=96&d=mm&r=g","height":96,"width":96}},"publisher":{"@type":"Organization","name":"abela.cz","logo":{"@type":"ImageObject","@id":"\/logo.png","url":"\/logo.png","width":600,"height":60}},"image":{"@type":"ImageObject","@id":"https:\/\/www.abela.cz\/wp-content\/uploads\/bbbbbbbbbbbb_4.jpg","url":"https:\/\/www.abela.cz\/wp-content\/uploads\/bbbbbbbbbbbb_4.jpg","height":0,"width":0},"keywords":null},{"@type":"Article","@id":"https:\/\/www.abela.cz\/spravne-tablety\/","headline":"Spr\u00e1vn\u00e9 tablety","url":"https:\/\/www.abela.cz\/spravne-tablety\/","datePublished":"2024-03-22","dateModified":"2024-03-22","mainEntityOfPage":"https:\/\/www.abela.cz\/spravne-tablety\/","author":{"@type":"Person","@id":"https:\/\/www.abela.cz\/author\/#Person","name":"","url":"https:\/\/www.abela.cz\/author\/","identifier":1,"image":{"@type":"ImageObject","@id":"https:\/\/secure.gravatar.com\/avatar\/9994033610bfa8d5c75e7c2dd1b5bdd54900f4ed2e7e5c6722d4887246e31af4?s=96&d=mm&r=g","url":"https:\/\/secure.gravatar.com\/avatar\/9994033610bfa8d5c75e7c2dd1b5bdd54900f4ed2e7e5c6722d4887246e31af4?s=96&d=mm&r=g","height":96,"width":96}},"publisher":{"@type":"Organization","name":"abela.cz","logo":{"@type":"ImageObject","@id":"\/logo.png","url":"\/logo.png","width":600,"height":60}},"image":{"@type":"ImageObject","@id":"https:\/\/www.abela.cz\/wp-content\/uploads\/abs-2744292_640.jpg","url":"https:\/\/www.abela.cz\/wp-content\/uploads\/abs-2744292_640.jpg","height":0,"width":0},"keywords":null},{"@type":"Article","@id":"https:\/\/www.abela.cz\/proud-neni-jen-z-elektraren\/","headline":"Proud nen\u00ed jen z elektr\u00e1ren","url":"https:\/\/www.abela.cz\/proud-neni-jen-z-elektraren\/","datePublished":"2024-03-06","dateModified":"2024-03-06","mainEntityOfPage":"https:\/\/www.abela.cz\/proud-neni-jen-z-elektraren\/","author":{"@type":"Person","@id":"https:\/\/www.abela.cz\/author\/#Person","name":"","url":"https:\/\/www.abela.cz\/author\/","identifier":1,"image":{"@type":"ImageObject","@id":"https:\/\/secure.gravatar.com\/avatar\/9994033610bfa8d5c75e7c2dd1b5bdd54900f4ed2e7e5c6722d4887246e31af4?s=96&d=mm&r=g","url":"https:\/\/secure.gravatar.com\/avatar\/9994033610bfa8d5c75e7c2dd1b5bdd54900f4ed2e7e5c6722d4887246e31af4?s=96&d=mm&r=g","height":96,"width":96}},"publisher":{"@type":"Organization","name":"abela.cz","logo":{"@type":"ImageObject","@id":"\/logo.png","url":"\/logo.png","width":600,"height":60}},"image":{"@type":"ImageObject","@id":"https:\/\/www.abela.cz\/wp-content\/uploads\/ssssssssssssss_9.jpg","url":"https:\/\/www.abela.cz\/wp-content\/uploads\/ssssssssssssss_9.jpg","height":0,"width":0},"keywords":null},{"@type":"Article","@id":"https:\/\/www.abela.cz\/zachrante-vztah\/","headline":"Zachra\u0148te vztah","url":"https:\/\/www.abela.cz\/zachrante-vztah\/","datePublished":"2023-12-29","dateModified":"2024-05-28","mainEntityOfPage":"https:\/\/www.abela.cz\/zachrante-vztah\/","author":{"@type":"Person","@id":"https:\/\/www.abela.cz\/author\/#Person","name":"","url":"https:\/\/www.abela.cz\/author\/","identifier":1,"image":{"@type":"ImageObject","@id":"https:\/\/secure.gravatar.com\/avatar\/9994033610bfa8d5c75e7c2dd1b5bdd54900f4ed2e7e5c6722d4887246e31af4?s=96&d=mm&r=g","url":"https:\/\/secure.gravatar.com\/avatar\/9994033610bfa8d5c75e7c2dd1b5bdd54900f4ed2e7e5c6722d4887246e31af4?s=96&d=mm&r=g","height":96,"width":96}},"publisher":{"@type":"Organization","name":"abela.cz","logo":{"@type":"ImageObject","@id":"\/logo.png","url":"\/logo.png","width":600,"height":60}},"image":{"@type":"ImageObject","@id":"https:\/\/www.abela.cz\/wp-content\/uploads\/boudoir-4669606_640_10_7.jpg","url":"https:\/\/www.abela.cz\/wp-content\/uploads\/boudoir-4669606_640_10_7.jpg","height":0,"width":0},"keywords":null}]}