[{"@context":"https:\/\/schema.org\/","@type":"Article","@id":"https:\/\/www.abela.cz\/paradni-reseni-pro-vas-interier\/#Article","mainEntityOfPage":"https:\/\/www.abela.cz\/paradni-reseni-pro-vas-interier\/","headline":"Par\u00e1dn\u00ed \u0159e\u0161en\u00ed pro v\u00e1\u0161 interi\u00e9r","name":"Par\u00e1dn\u00ed \u0159e\u0161en\u00ed pro v\u00e1\u0161 interi\u00e9r","description":"\u010casto jste p\u0159em\u00fd\u0161leli o tom, co byste m\u011bli zm\u011bnit na sv\u00e9 kuchyni? Je pro v\u00e1s","datePublished":"2017-06-22","dateModified":"2023-05-06","author":{"@type":"Person","@id":"https:\/\/www.abela.cz\/author\/#Person","name":"","url":"https:\/\/www.abela.cz\/author\/","identifier":1,"image":{"@type":"ImageObject","@id":"https:\/\/secure.gravatar.com\/avatar\/9994033610bfa8d5c75e7c2dd1b5bdd54900f4ed2e7e5c6722d4887246e31af4?s=96&d=mm&r=g","url":"https:\/\/secure.gravatar.com\/avatar\/9994033610bfa8d5c75e7c2dd1b5bdd54900f4ed2e7e5c6722d4887246e31af4?s=96&d=mm&r=g","height":96,"width":96}},"publisher":{"@type":"Organization","name":"abela.cz","logo":{"@type":"ImageObject","@id":"\/logo.png","url":"\/logo.png","width":600,"height":60}},"image":{"@type":"ImageObject","@id":"https:\/\/www.abela.cz\/wp-content\/uploads\/img_a289606_w1743_t1501046527.jpg","url":"https:\/\/www.abela.cz\/wp-content\/uploads\/img_a289606_w1743_t1501046527.jpg","height":0,"width":0},"url":"https:\/\/www.abela.cz\/paradni-reseni-pro-vas-interier\/","about":["N\u00e1kupy"],"wordCount":363,"articleBody":"\u010casto jste p\u0159em\u00fd\u0161leli o tom, co byste m\u011bli zm\u011bnit na sv\u00e9 kuchyni? Je pro v\u00e1s vcelku mal\u00e1, tak\u017ee byste pot\u0159ebovali n\u011bjak zv\u011bt\u0161it prostor, ale z\u00e1rove\u0148 byste cht\u011bli zmodernizovat prostory? Tomu naprosto rozum\u00edme, a ur\u010dit\u011b v\u00e1m m\u016f\u017eeme pomoci, proto\u017ee m\u00e1me mnoho fotografi\u00ed \u00fasp\u011b\u0161n\u00fdch rekonstrukc\u00ed, kter\u00e9 by v\u00e1s mohly inspirovat.&#13; Budete cht\u00edt rohovou kuchyni, d\u00edky kter\u00e9 budete m\u00edt dostatek prostoru jak na va\u0159en\u00ed, tak i pe\u010den\u00ed? Pot\u0159ebujete v\u00edce prostoru ve sk\u0159\u00ed\u0148k\u00e1ch, abyste m\u011bli kam d\u00e1vat nov\u00e9 kousky n\u00e1dob\u00ed a aby m\u011bly kde p\u0159etrv\u00e1vat va\u0161e kucha\u0159ky? M\u00e1me pro v\u00e1s mnoho tip\u016f, kter\u00e9 v\u00e1m pomohou. Pokud nem\u00e1te \u00fapln\u011b p\u0159esn\u011b jasno o tom, co byste cht\u011bli ud\u011blat za zm\u011bny, ur\u010dit\u011b v\u00e1s m\u016f\u017eeme alespo\u0148 nasm\u011brovat a vy si pak v\u0161e dolad\u00edte samipodle vlastn\u00edho vkusu a p\u0159edev\u0161\u00edm podle pot\u0159eb, kter\u00e9 v kuchyni m\u00e1te.&#13; Najd\u011bte to nejlep\u0161\u00ed&#13; Nez\u00e1le\u017e\u00ed p\u0159\u00edli\u0161 na tom, jak\u00fd chcete typ. Je toti\u017e zcela na v\u00e1s, jestli d\u00e1v\u00e1te p\u0159ednost klasick\u00e9mu p\u0159\u00edrodn\u00edmu vzhledu a zvol\u00edte si d\u0159evo, nebo jestli byste rad\u011bji modern\u00ed v\u00fdst\u0159elky v podob\u011b lakovan\u00fdch leskl\u00fdch desek. Ka\u017ed\u00e9 m\u00e1 jist\u011b sv\u00e9 pro a proti, a pro ka\u017ed\u00e9ho to bude ur\u010dit\u011b ot\u00e1zka vkusu. V kuchyn\u011b inspirace nemus\u00edte naj\u00edt jen tip na samotnou linku, ale objev\u00edte tu tak\u00e9 super j\u00eddeln\u00ed sety, r\u016fzn\u00e9 dekorace, kter\u00e9 dok\u00e1\u017e\u00ed rozjasnit cel\u00fd prostor.&#13; R\u00e1di bychom v\u00e1m doporu\u010dili tak\u00e9 r\u016fzn\u00e9 spot\u0159ebi\u010de, proto\u017ee modern\u00ed doba nab\u00edz\u00ed opravdu technick\u00e9 vymo\u017eenosti. A\u0165 u\u017e chcete inteligentn\u00ed spor\u00e1k \u010di troubu, d\u00e1le jsou k dispozici nejr\u016fzn\u011bj\u0161\u00ed mikrovlnn\u00e9 trouby, kontaktn\u00ed grily a dal\u0161\u00ed pomocn\u00edci, kte\u0159\u00ed v\u00e1m mohou velice usnadnit jakoukoli pr\u00e1ci v kuchyni. Zkuste to s n\u00e1mi, ur\u010dit\u011b nebudete litovat a v\u00fdsledek va\u0161\u00ed pr\u00e1ce bude naprosto \u00fa\u017easn\u00fd.                                                                                                                                                                                                                                                                                                                                                                                        4.4\/5 - (7 votes)        "},{"@context":"https:\/\/schema.org\/","@type":"BreadcrumbList","itemListElement":[{"@type":"ListItem","position":1,"name":"Par\u00e1dn\u00ed \u0159e\u0161en\u00ed pro v\u00e1\u0161 interi\u00e9r","item":"https:\/\/www.abela.cz\/paradni-reseni-pro-vas-interier\/#breadcrumbitem"}]}]