[{"@context":"https:\/\/schema.org\/","@type":"Blog","@id":"https:\/\/www.abela.cz#Blog","headline":"Abela","description":"\nZa ka\u017ed\u00fdm skute\u010dn\u00fdm \u00fasp\u011bchem stol\u00ed kvalita. A proto\u017ee chceme, aby byla na\u0161e internetov\u00e1 str\u00e1nka \u00fasp\u011b\u0161n\u00e1, nab\u00edz\u00edme v\u00e1m v\u017edy jen to nejkvalitn\u011bj\u0161\u00ed.","url":"https:\/\/www.abela.cz","hasPart":[{"@type":"Article","@id":"https:\/\/www.abela.cz\/pestujte-si-vlastni-ovoce-a-zeleninu-ve-skleniku\/","headline":"P\u011bstujte si vlastn\u00ed ovoce a zeleninu ve sklen\u00edku","url":"https:\/\/www.abela.cz\/pestujte-si-vlastni-ovoce-a-zeleninu-ve-skleniku\/","datePublished":"2025-04-06","dateModified":"2025-04-06","mainEntityOfPage":"https:\/\/www.abela.cz\/pestujte-si-vlastni-ovoce-a-zeleninu-ve-skleniku\/","author":{"@type":"Person","@id":"https:\/\/www.abela.cz\/author\/#Person","name":"","url":"https:\/\/www.abela.cz\/author\/","identifier":1,"image":{"@type":"ImageObject","@id":"https:\/\/secure.gravatar.com\/avatar\/9994033610bfa8d5c75e7c2dd1b5bdd54900f4ed2e7e5c6722d4887246e31af4?s=96&d=mm&r=g","url":"https:\/\/secure.gravatar.com\/avatar\/9994033610bfa8d5c75e7c2dd1b5bdd54900f4ed2e7e5c6722d4887246e31af4?s=96&d=mm&r=g","height":96,"width":96}},"publisher":{"@type":"Organization","name":"abela.cz","logo":{"@type":"ImageObject","@id":"\/logo.png","url":"\/logo.png","width":600,"height":60}},"image":{"@type":"ImageObject","@id":"https:\/\/www.abela.cz\/wp-content\/uploads\/markus-spiske-ZKNsVqbRSPE-unsplash.jpg","url":"https:\/\/www.abela.cz\/wp-content\/uploads\/markus-spiske-ZKNsVqbRSPE-unsplash.jpg","height":0,"width":0},"wordCount":624,"keywords":null},{"@type":"Article","@id":"https:\/\/www.abela.cz\/zateplime-si-dum-mineralni-vatou\/","headline":"Zatepl\u00edme si d\u016fm miner\u00e1ln\u00ed vatou","url":"https:\/\/www.abela.cz\/zateplime-si-dum-mineralni-vatou\/","datePublished":"2025-04-01","dateModified":"2025-04-01","mainEntityOfPage":"https:\/\/www.abela.cz\/zateplime-si-dum-mineralni-vatou\/","author":{"@type":"Person","@id":"https:\/\/www.abela.cz\/author\/#Person","name":"","url":"https:\/\/www.abela.cz\/author\/","identifier":1,"image":{"@type":"ImageObject","@id":"https:\/\/secure.gravatar.com\/avatar\/9994033610bfa8d5c75e7c2dd1b5bdd54900f4ed2e7e5c6722d4887246e31af4?s=96&d=mm&r=g","url":"https:\/\/secure.gravatar.com\/avatar\/9994033610bfa8d5c75e7c2dd1b5bdd54900f4ed2e7e5c6722d4887246e31af4?s=96&d=mm&r=g","height":96,"width":96}},"publisher":{"@type":"Organization","name":"abela.cz","logo":{"@type":"ImageObject","@id":"\/logo.png","url":"\/logo.png","width":600,"height":60}},"image":{"@type":"ImageObject","@id":"https:\/\/www.abela.cz\/wp-content\/uploads\/construction-5084516_640.jpg","url":"https:\/\/www.abela.cz\/wp-content\/uploads\/construction-5084516_640.jpg","height":0,"width":0},"wordCount":561,"keywords":null},{"@type":"Article","@id":"https:\/\/www.abela.cz\/elektronicka-cigareta\/","headline":"Elektronick\u00e1 cigareta","url":"https:\/\/www.abela.cz\/elektronicka-cigareta\/","datePublished":"2025-03-31","dateModified":"2025-03-31","mainEntityOfPage":"https:\/\/www.abela.cz\/elektronicka-cigareta\/","author":{"@type":"Person","@id":"https:\/\/www.abela.cz\/author\/#Person","name":"","url":"https:\/\/www.abela.cz\/author\/","identifier":1,"image":{"@type":"ImageObject","@id":"https:\/\/secure.gravatar.com\/avatar\/9994033610bfa8d5c75e7c2dd1b5bdd54900f4ed2e7e5c6722d4887246e31af4?s=96&d=mm&r=g","url":"https:\/\/secure.gravatar.com\/avatar\/9994033610bfa8d5c75e7c2dd1b5bdd54900f4ed2e7e5c6722d4887246e31af4?s=96&d=mm&r=g","height":96,"width":96}},"publisher":{"@type":"Organization","name":"abela.cz","logo":{"@type":"ImageObject","@id":"\/logo.png","url":"\/logo.png","width":600,"height":60}},"image":null,"wordCount":208,"keywords":null},{"@type":"Article","@id":"https:\/\/www.abela.cz\/jak-mit-zdrava-zada\/","headline":"Jak m\u00edt zdrav\u00e1 z\u00e1da?","url":"https:\/\/www.abela.cz\/jak-mit-zdrava-zada\/","datePublished":"2025-03-25","dateModified":"2025-03-25","mainEntityOfPage":"https:\/\/www.abela.cz\/jak-mit-zdrava-zada\/","author":{"@type":"Person","@id":"https:\/\/www.abela.cz\/author\/#Person","name":"","url":"https:\/\/www.abela.cz\/author\/","identifier":1,"image":{"@type":"ImageObject","@id":"https:\/\/secure.gravatar.com\/avatar\/9994033610bfa8d5c75e7c2dd1b5bdd54900f4ed2e7e5c6722d4887246e31af4?s=96&d=mm&r=g","url":"https:\/\/secure.gravatar.com\/avatar\/9994033610bfa8d5c75e7c2dd1b5bdd54900f4ed2e7e5c6722d4887246e31af4?s=96&d=mm&r=g","height":96,"width":96}},"publisher":{"@type":"Organization","name":"abela.cz","logo":{"@type":"ImageObject","@id":"\/logo.png","url":"\/logo.png","width":600,"height":60}},"image":{"@type":"ImageObject","@id":"https:\/\/www.abela.cz\/wp-content\/uploads\/the-back-3605073_640_2.jpg","url":"https:\/\/www.abela.cz\/wp-content\/uploads\/the-back-3605073_640_2.jpg","height":0,"width":0},"wordCount":601,"keywords":null},{"@type":"Article","@id":"https:\/\/www.abela.cz\/panske-mikiny\/","headline":"P\u00e1nsk\u00e9 mikiny","url":"https:\/\/www.abela.cz\/panske-mikiny\/","datePublished":"2025-03-25","dateModified":"2025-03-25","mainEntityOfPage":"https:\/\/www.abela.cz\/panske-mikiny\/","author":{"@type":"Person","@id":"https:\/\/www.abela.cz\/author\/#Person","name":"","url":"https:\/\/www.abela.cz\/author\/","identifier":1,"image":{"@type":"ImageObject","@id":"https:\/\/secure.gravatar.com\/avatar\/9994033610bfa8d5c75e7c2dd1b5bdd54900f4ed2e7e5c6722d4887246e31af4?s=96&d=mm&r=g","url":"https:\/\/secure.gravatar.com\/avatar\/9994033610bfa8d5c75e7c2dd1b5bdd54900f4ed2e7e5c6722d4887246e31af4?s=96&d=mm&r=g","height":96,"width":96}},"publisher":{"@type":"Organization","name":"abela.cz","logo":{"@type":"ImageObject","@id":"\/logo.png","url":"\/logo.png","width":600,"height":60}},"image":null,"wordCount":215,"keywords":null},{"@type":"Article","@id":"https:\/\/www.abela.cz\/je-u-vas-svatba-na-spadnuti\/","headline":"Je u v\u00e1s svatba na spadnut\u00ed?","url":"https:\/\/www.abela.cz\/je-u-vas-svatba-na-spadnuti\/","datePublished":"2025-03-14","dateModified":"2025-03-14","mainEntityOfPage":"https:\/\/www.abela.cz\/je-u-vas-svatba-na-spadnuti\/","author":{"@type":"Person","@id":"https:\/\/www.abela.cz\/author\/#Person","name":"","url":"https:\/\/www.abela.cz\/author\/","identifier":1,"image":{"@type":"ImageObject","@id":"https:\/\/secure.gravatar.com\/avatar\/9994033610bfa8d5c75e7c2dd1b5bdd54900f4ed2e7e5c6722d4887246e31af4?s=96&d=mm&r=g","url":"https:\/\/secure.gravatar.com\/avatar\/9994033610bfa8d5c75e7c2dd1b5bdd54900f4ed2e7e5c6722d4887246e31af4?s=96&d=mm&r=g","height":96,"width":96}},"publisher":{"@type":"Organization","name":"abela.cz","logo":{"@type":"ImageObject","@id":"\/logo.png","url":"\/logo.png","width":600,"height":60}},"image":null,"wordCount":268,"keywords":null},{"@type":"Article","@id":"https:\/\/www.abela.cz\/nespocet-inzeratu-k-poznani-dokonaleho-protejsku\/","headline":"Nespo\u010det inzer\u00e1t\u016f k\u00a0pozn\u00e1n\u00ed dokonal\u00e9ho prot\u011bj\u0161ku","url":"https:\/\/www.abela.cz\/nespocet-inzeratu-k-poznani-dokonaleho-protejsku\/","datePublished":"2025-03-05","dateModified":"2025-03-05","mainEntityOfPage":"https:\/\/www.abela.cz\/nespocet-inzeratu-k-poznani-dokonaleho-protejsku\/","author":{"@type":"Person","@id":"https:\/\/www.abela.cz\/author\/#Person","name":"","url":"https:\/\/www.abela.cz\/author\/","identifier":1,"image":{"@type":"ImageObject","@id":"https:\/\/secure.gravatar.com\/avatar\/9994033610bfa8d5c75e7c2dd1b5bdd54900f4ed2e7e5c6722d4887246e31af4?s=96&d=mm&r=g","url":"https:\/\/secure.gravatar.com\/avatar\/9994033610bfa8d5c75e7c2dd1b5bdd54900f4ed2e7e5c6722d4887246e31af4?s=96&d=mm&r=g","height":96,"width":96}},"publisher":{"@type":"Organization","name":"abela.cz","logo":{"@type":"ImageObject","@id":"\/logo.png","url":"\/logo.png","width":600,"height":60}},"image":null,"wordCount":229,"keywords":null},{"@type":"Article","@id":"https:\/\/www.abela.cz\/vsestranny-hotel-je-super\/","headline":"V\u0161estrann\u00fd hotel je super","url":"https:\/\/www.abela.cz\/vsestranny-hotel-je-super\/","datePublished":"2025-03-01","dateModified":"2025-03-01","mainEntityOfPage":"https:\/\/www.abela.cz\/vsestranny-hotel-je-super\/","author":{"@type":"Person","@id":"https:\/\/www.abela.cz\/author\/#Person","name":"","url":"https:\/\/www.abela.cz\/author\/","identifier":1,"image":{"@type":"ImageObject","@id":"https:\/\/secure.gravatar.com\/avatar\/9994033610bfa8d5c75e7c2dd1b5bdd54900f4ed2e7e5c6722d4887246e31af4?s=96&d=mm&r=g","url":"https:\/\/secure.gravatar.com\/avatar\/9994033610bfa8d5c75e7c2dd1b5bdd54900f4ed2e7e5c6722d4887246e31af4?s=96&d=mm&r=g","height":96,"width":96}},"publisher":{"@type":"Organization","name":"abela.cz","logo":{"@type":"ImageObject","@id":"\/logo.png","url":"\/logo.png","width":600,"height":60}},"image":null,"wordCount":265,"keywords":null},{"@type":"Article","@id":"https:\/\/www.abela.cz\/lite-podlahy\/","headline":"Lit\u00e9 podlahy","url":"https:\/\/www.abela.cz\/lite-podlahy\/","datePublished":"2025-02-20","dateModified":"2025-02-20","mainEntityOfPage":"https:\/\/www.abela.cz\/lite-podlahy\/","author":{"@type":"Person","@id":"https:\/\/www.abela.cz\/author\/#Person","name":"","url":"https:\/\/www.abela.cz\/author\/","identifier":1,"image":{"@type":"ImageObject","@id":"https:\/\/secure.gravatar.com\/avatar\/9994033610bfa8d5c75e7c2dd1b5bdd54900f4ed2e7e5c6722d4887246e31af4?s=96&d=mm&r=g","url":"https:\/\/secure.gravatar.com\/avatar\/9994033610bfa8d5c75e7c2dd1b5bdd54900f4ed2e7e5c6722d4887246e31af4?s=96&d=mm&r=g","height":96,"width":96}},"publisher":{"@type":"Organization","name":"abela.cz","logo":{"@type":"ImageObject","@id":"\/logo.png","url":"\/logo.png","width":600,"height":60}},"image":null,"wordCount":206,"keywords":null},{"@type":"Article","@id":"https:\/\/www.abela.cz\/dovolena-byla-skvela\/","headline":"Dovolen\u00e1 byla skv\u011bl\u00e1","url":"https:\/\/www.abela.cz\/dovolena-byla-skvela\/","datePublished":"2025-02-16","dateModified":"2025-02-16","mainEntityOfPage":"https:\/\/www.abela.cz\/dovolena-byla-skvela\/","author":{"@type":"Person","@id":"https:\/\/www.abela.cz\/author\/#Person","name":"","url":"https:\/\/www.abela.cz\/author\/","identifier":1,"image":{"@type":"ImageObject","@id":"https:\/\/secure.gravatar.com\/avatar\/9994033610bfa8d5c75e7c2dd1b5bdd54900f4ed2e7e5c6722d4887246e31af4?s=96&d=mm&r=g","url":"https:\/\/secure.gravatar.com\/avatar\/9994033610bfa8d5c75e7c2dd1b5bdd54900f4ed2e7e5c6722d4887246e31af4?s=96&d=mm&r=g","height":96,"width":96}},"publisher":{"@type":"Organization","name":"abela.cz","logo":{"@type":"ImageObject","@id":"\/logo.png","url":"\/logo.png","width":600,"height":60}},"image":null,"wordCount":298,"keywords":null}]},{"@context":"https:\/\/schema.org","@type":"WebSite","@id":"https:\/\/www.abela.cz\/#website","name":"Abela","url":"https:\/\/www.abela.cz","potentialAction":{"@type":"SearchAction","target":"https:\/\/www.abela.cz\/?s={search_term_string}","query-input":"required name=search_term_string"}}]