[{"@context":"https:\/\/schema.org\/","@type":"Article","@id":"https:\/\/www.abela.cz\/je-u-vas-svatba-na-spadnuti\/#Article","mainEntityOfPage":"https:\/\/www.abela.cz\/je-u-vas-svatba-na-spadnuti\/","headline":"Je u v\u00e1s svatba na spadnut\u00ed?","name":"Je u v\u00e1s svatba na spadnut\u00ed?","description":"Mu\u017ei dlouho p\u0159em\u00fd\u0161lej\u00ed, ne\u017e svou partnerku po\u017e\u00e1daj\u00ed o ruku, proto\u017ee v\u00ed, \u017ee je \u010dek\u00e1 n\u00e1ro\u010dn\u00fd","datePublished":"2025-03-14","dateModified":"2025-03-14","author":{"@type":"Person","@id":"https:\/\/www.abela.cz\/author\/#Person","name":"","url":"https:\/\/www.abela.cz\/author\/","identifier":1,"image":{"@type":"ImageObject","@id":"https:\/\/secure.gravatar.com\/avatar\/9994033610bfa8d5c75e7c2dd1b5bdd54900f4ed2e7e5c6722d4887246e31af4?s=96&d=mm&r=g","url":"https:\/\/secure.gravatar.com\/avatar\/9994033610bfa8d5c75e7c2dd1b5bdd54900f4ed2e7e5c6722d4887246e31af4?s=96&d=mm&r=g","height":96,"width":96}},"publisher":{"@type":"Organization","name":"abela.cz","logo":{"@type":"ImageObject","@id":"\/logo.png","url":"\/logo.png","width":600,"height":60}},"url":"https:\/\/www.abela.cz\/je-u-vas-svatba-na-spadnuti\/","wordCount":222,"articleBody":"Mu\u017ei dlouho p\u0159em\u00fd\u0161lej\u00ed, ne\u017e svou partnerku po\u017e\u00e1daj\u00ed o ruku, proto\u017ee v\u00ed, \u017ee je \u010dek\u00e1 n\u00e1ro\u010dn\u00fd v\u00fdb\u011br vhodn\u00e9ho \u0161perku. S na\u0161\u00ed nab\u00eddkou z\u00e1snubn\u00edch prsten\u016f nebudete m\u00edt probl\u00e9m vybrat ten, kter\u00fd j\u00ed uk\u00e1\u017ee, jak moc v\u00e1m na n\u00ed z\u00e1le\u017e\u00ed. V\u0161echny \u0161perky, kter\u00e9 v\u00e1m nab\u00eddneme, najdete ve fotogalerii na na\u0161em webu. M\u016f\u017eete vyb\u00edrat online, a p\u0159\u00edmo n\u00e1m odeslat objedn\u00e1vku, nebo se m\u016f\u017eeme domluvit na osobn\u00ed sch\u016fzce, abychom spole\u010dn\u011b probrali v\u0161echna dostupn\u00e1 proveden\u00ed. S v\u00fdb\u011brem v\u00e1m ochotn\u011b porad\u00edme Mu\u017ei neradi vyb\u00edraj\u00ed \u0161perky, proto\u017ee maj\u00ed strach, \u017ee vyberou \u0161patn\u011b, a partnerce se jejich v\u00fdb\u011br nebude l\u00edbit. M\u016f\u017eeme v\u00e1s ujistit, \u017ee v p\u0159\u00edpad\u011b \u0161perku, kter\u00fd m\u00e1 slou\u017eit jako \u017e\u00e1dost o ruku, ji bude zaj\u00edmat jen to, \u017ee si ji chcete vz\u00edt. Je n\u00e1m ale jasn\u00e9, \u017ee chcete, aby byl \u0161perk dokonal\u00fd. D\u00edky fotografi\u00edm budete m\u00edt p\u0159edstavu o tom, jak na\u0161e pr\u00e1ce vypad\u00e1 v realit\u011b, co\u017e v\u00e1m usnadn\u00ed u\u017e tak dost slo\u017eit\u00fd v\u00fdb\u011br. Vyb\u00edrat m\u016f\u017eete z cenov\u011b dostupn\u011bj\u0161\u00edch kus\u016f i z velmi drah\u00fdch variant.                                                                                                                                                                                                                                                                                                                                                                                        5\/5 - (1 vote)        "},{"@context":"https:\/\/schema.org\/","@type":"BreadcrumbList","itemListElement":[{"@type":"ListItem","position":1,"name":"Je u v\u00e1s svatba na spadnut\u00ed?","item":"https:\/\/www.abela.cz\/je-u-vas-svatba-na-spadnuti\/#breadcrumbitem"}]}]