[{"@context":"https:\/\/schema.org\/","@type":"Article","@id":"https:\/\/www.abela.cz\/jak-si-vybudovat-vlastni-satnu\/#Article","mainEntityOfPage":"https:\/\/www.abela.cz\/jak-si-vybudovat-vlastni-satnu\/","headline":"Jak si vybudovat vlastn\u00ed \u0161atnu?","name":"Jak si vybudovat vlastn\u00ed \u0161atnu?","description":"Pokud je va\u0161e dom\u00e1cnost velkorys\u00e1 na prostor a vy p\u0159em\u00fd\u0161l\u00edte, jak ho co nejlep\u0161\u00edm zp\u016fsobem","datePublished":"2021-09-08","dateModified":"2023-05-06","author":{"@type":"Person","@id":"https:\/\/www.abela.cz\/author\/#Person","name":"","url":"https:\/\/www.abela.cz\/author\/","identifier":1,"image":{"@type":"ImageObject","@id":"https:\/\/secure.gravatar.com\/avatar\/9994033610bfa8d5c75e7c2dd1b5bdd54900f4ed2e7e5c6722d4887246e31af4?s=96&d=mm&r=g","url":"https:\/\/secure.gravatar.com\/avatar\/9994033610bfa8d5c75e7c2dd1b5bdd54900f4ed2e7e5c6722d4887246e31af4?s=96&d=mm&r=g","height":96,"width":96}},"publisher":{"@type":"Organization","name":"abela.cz","logo":{"@type":"ImageObject","@id":"\/logo.png","url":"\/logo.png","width":600,"height":60}},"image":{"@type":"ImageObject","@id":"https:\/\/www.abela.cz\/wp-content\/uploads\/pexels-nugroho-wahyu-3119164.jpg","url":"https:\/\/www.abela.cz\/wp-content\/uploads\/pexels-nugroho-wahyu-3119164.jpg","height":0,"width":0},"url":"https:\/\/www.abela.cz\/jak-si-vybudovat-vlastni-satnu\/","about":["N\u00e1kupy"],"wordCount":416,"articleBody":"   Pokud je va\u0161e dom\u00e1cnost velkorys\u00e1 na prostor a vy p\u0159em\u00fd\u0161l\u00edte, jak ho co nejlep\u0161\u00edm zp\u016fsobem zu\u017eitkovat, myslete p\u0159itom na vybudov\u00e1n\u00ed \u0161atny. V\u011b\u0159te nebo ne, ale d\u0159\u00edve \u010di pozd\u011bji jej\u00ed p\u0159\u00edtomnost v interi\u00e9ru ocen\u00edte. Jak si poradit se spr\u00e1vn\u00fdm vybaven\u00edm a na co bychom nem\u011bli p\u0159i n\u00e1vrhu zapom\u00ednat? \u0160atna v dom\u00e1cnosti p\u0159edstavuje tak trochu p\u0159epych, i z tohoto d\u016fvodu pov\u011bt\u0161inou zaob\u00edr\u00e1 prostory, kter\u00e9 n\u00e1m tak trochu zbydou. Pov\u011bt\u0161inou se jedn\u00e1 o m\u00edstnosti bez p\u0159irozen\u00e9ho denn\u00edho sv\u011btla, nejr\u016fzn\u011bj\u0161\u00ed v\u00fdklenky \u010di p\u0159edstavuj\u00ed vyu\u017eit\u00ed jinak nevyu\u017eiteln\u00e9ho m\u00edsta pod schodi\u0161t\u011bm. Pov\u011bt\u0161inou jsou ale tak\u00e9 sou\u010d\u00e1st\u00ed lo\u017enice \u010di d\u011btsk\u00e9ho pokoje, na kter\u00fd p\u0159\u00edmo navazuj\u00ed. I kdy\u017e v jin\u00fdch zem\u00edch se jedn\u00e1 o standard, u n\u00e1s je \u0161atna sp\u00ed\u0161e p\u0159epychem, bez kter\u00e9ho se s klidn\u00fdm sv\u011bdom\u00edm m\u016f\u017eeme obej\u00edt. Mo\u017en\u00e1 ale budete hovo\u0159it jinak ve chv\u00edli, kdy budete m\u00edt vlastn\u00ed \u0161atnu kone\u010dn\u011b doma. Z\u00e1klad tvo\u0159\u00ed pov\u011bt\u0161inou vestav\u011bn\u00e9 sk\u0159\u00edn\u011b, kter\u00e9 maj\u00ed v\u00fdhodu v jejich variabilit\u011b. Jednotliv\u00e9 kusy n\u00e1bytku si m\u016f\u017eete navrhnout dle vlastn\u00ed libosti, jinak tomu nen\u00ed samoz\u0159ejm\u011b ani v p\u0159\u00edpad\u011b vnit\u0159n\u00edho uspo\u0159\u00e1d\u00e1n\u00ed. D\u00edky vestav\u011bn\u00fdm sk\u0159\u00edn\u00edm je tak mo\u017en\u00e9 vyu\u017e\u00edt nap\u0159\u00edklad vysok\u00e9 stropy, nejr\u016fzn\u011bj\u0161\u00ed v\u00fdklenky ve zdech nebo jinak nevyu\u017eiteln\u00fd prostor v podkrov\u00ed a pod \u0161ikminou. I kdy\u017e z\u00e1kladn\u00ed vybaven\u00ed \u0161atny je tvo\u0159eno prim\u00e1rn\u011b \u0161atn\u00edmi sk\u0159\u00edn\u011bmi, jenom s t\u011bmi se spokojit nemus\u00edte. V\u0161e se odv\u00edj\u00ed od prostoru, na kter\u00e9m se \u0161atna rozprost\u00edr\u00e1. Pokud \u0161atna nab\u00edz\u00ed velkorys\u00e9 prostory, nezapome\u0148te ani na zrcadla, k\u0159eslo nebo t\u0159eba kosmetick\u00fd stolek. Zkr\u00e1tka by m\u011bla b\u00fdt vybavena v\u0161\u00edm, co byste mohli p\u0159i p\u0159evl\u00e9k\u00e1n\u00ed pot\u0159ebovat. Ide\u00e1ln\u00ed jsou \u0161atny s p\u0159irozen\u00fdm denn\u00edm sv\u011btlem, ne v\u017edy je to ale mo\u017en\u00e9. Na\u0161t\u011bst\u00ed u\u017e dnes existuje osv\u011btlen\u00ed, kter\u00e9 dok\u00e1\u017ee p\u0159irozen\u00e9 sv\u011btlo zcela nahradit. D\u00edky nim bude cel\u00e1 m\u00edstnost p\u016fsobit mnohem p\u0159\u00edv\u011btiv\u011bj\u0161\u00edm dojmem.                                                                                                                                                                                                                                                                                                                                                                                           4.1\/5 - (11 votes)        "},{"@context":"https:\/\/schema.org\/","@type":"BreadcrumbList","itemListElement":[{"@type":"ListItem","position":1,"name":"Jak si vybudovat vlastn\u00ed \u0161atnu?","item":"https:\/\/www.abela.cz\/jak-si-vybudovat-vlastni-satnu\/#breadcrumbitem"}]}]