{"@context":"https:\/\/schema.org\/","@type":"CollectionPage","@id":"https:\/\/www.abela.cz\/cestovani\/#CollectionPage","headline":"Cestov\u00e1n\u00ed Category","description":"","url":"https:\/\/www.abela.cz\/cestovani\/","hasPart":[{"@type":"Article","@id":"https:\/\/www.abela.cz\/platte-za-sviceni-mene\/","headline":"Pla\u0165te za sv\u00edcen\u00ed m\u00e9n\u011b","url":"https:\/\/www.abela.cz\/platte-za-sviceni-mene\/","datePublished":"2024-06-11","dateModified":"2024-06-11","mainEntityOfPage":"https:\/\/www.abela.cz\/platte-za-sviceni-mene\/","author":{"@type":"Person","@id":"https:\/\/www.abela.cz\/author\/#Person","name":"","url":"https:\/\/www.abela.cz\/author\/","identifier":1,"image":{"@type":"ImageObject","@id":"https:\/\/secure.gravatar.com\/avatar\/9994033610bfa8d5c75e7c2dd1b5bdd54900f4ed2e7e5c6722d4887246e31af4?s=96&d=mm&r=g","url":"https:\/\/secure.gravatar.com\/avatar\/9994033610bfa8d5c75e7c2dd1b5bdd54900f4ed2e7e5c6722d4887246e31af4?s=96&d=mm&r=g","height":96,"width":96}},"publisher":{"@type":"Organization","name":"abela.cz","logo":{"@type":"ImageObject","@id":"\/logo.png","url":"\/logo.png","width":600,"height":60}},"image":null,"keywords":null},{"@type":"Article","@id":"https:\/\/www.abela.cz\/24-hodin-v-helsinkach\/","headline":"24 hodin v Helsink\u00e1ch","url":"https:\/\/www.abela.cz\/24-hodin-v-helsinkach\/","datePublished":"2023-05-06","dateModified":"2023-05-06","mainEntityOfPage":"https:\/\/www.abela.cz\/24-hodin-v-helsinkach\/","author":{"@type":"Person","@id":"https:\/\/www.abela.cz\/author\/#Person","name":"","url":"https:\/\/www.abela.cz\/author\/","identifier":1,"image":{"@type":"ImageObject","@id":"https:\/\/secure.gravatar.com\/avatar\/9994033610bfa8d5c75e7c2dd1b5bdd54900f4ed2e7e5c6722d4887246e31af4?s=96&d=mm&r=g","url":"https:\/\/secure.gravatar.com\/avatar\/9994033610bfa8d5c75e7c2dd1b5bdd54900f4ed2e7e5c6722d4887246e31af4?s=96&d=mm&r=g","height":96,"width":96}},"publisher":{"@type":"Organization","name":"abela.cz","logo":{"@type":"ImageObject","@id":"\/logo.png","url":"\/logo.png","width":600,"height":60}},"image":{"@type":"ImageObject","@id":"https:\/\/www.abela.cz\/wp-content\/uploads\/img_a335042_w2808_t1548440935.jpg","url":"https:\/\/www.abela.cz\/wp-content\/uploads\/img_a335042_w2808_t1548440935.jpg","height":0,"width":0},"keywords":null},{"@type":"Article","@id":"https:\/\/www.abela.cz\/kouzelna-zeme-s-krasnou-prirodou\/","headline":"Kouzeln\u00e1 zem\u011b s kr\u00e1snou p\u0159\u00edrodou","url":"https:\/\/www.abela.cz\/kouzelna-zeme-s-krasnou-prirodou\/","datePublished":"2020-11-10","dateModified":"2023-05-06","mainEntityOfPage":"https:\/\/www.abela.cz\/kouzelna-zeme-s-krasnou-prirodou\/","author":{"@type":"Person","@id":"https:\/\/www.abela.cz\/author\/#Person","name":"","url":"https:\/\/www.abela.cz\/author\/","identifier":1,"image":{"@type":"ImageObject","@id":"https:\/\/secure.gravatar.com\/avatar\/9994033610bfa8d5c75e7c2dd1b5bdd54900f4ed2e7e5c6722d4887246e31af4?s=96&d=mm&r=g","url":"https:\/\/secure.gravatar.com\/avatar\/9994033610bfa8d5c75e7c2dd1b5bdd54900f4ed2e7e5c6722d4887246e31af4?s=96&d=mm&r=g","height":96,"width":96}},"publisher":{"@type":"Organization","name":"abela.cz","logo":{"@type":"ImageObject","@id":"\/logo.png","url":"\/logo.png","width":600,"height":60}},"image":{"@type":"ImageObject","@id":"https:\/\/www.abela.cz\/wp-content\/uploads\/kr%C3%A1sn%C3%A1%20zv%C3%AD%C5%99ata_UfhAy7.jpg","url":"https:\/\/www.abela.cz\/wp-content\/uploads\/kr%C3%A1sn%C3%A1%20zv%C3%AD%C5%99ata_UfhAy7.jpg","height":0,"width":0},"keywords":null},{"@type":"Article","@id":"https:\/\/www.abela.cz\/nejvyssi-vrcholy-jizni-ameriky\/","headline":"Nejvy\u0161\u0161\u00ed vrcholy Ji\u017en\u00ed Ameriky","url":"https:\/\/www.abela.cz\/nejvyssi-vrcholy-jizni-ameriky\/","datePublished":"2019-06-21","dateModified":"2023-05-06","mainEntityOfPage":"https:\/\/www.abela.cz\/nejvyssi-vrcholy-jizni-ameriky\/","author":{"@type":"Person","@id":"https:\/\/www.abela.cz\/author\/#Person","name":"","url":"https:\/\/www.abela.cz\/author\/","identifier":1,"image":{"@type":"ImageObject","@id":"https:\/\/secure.gravatar.com\/avatar\/9994033610bfa8d5c75e7c2dd1b5bdd54900f4ed2e7e5c6722d4887246e31af4?s=96&d=mm&r=g","url":"https:\/\/secure.gravatar.com\/avatar\/9994033610bfa8d5c75e7c2dd1b5bdd54900f4ed2e7e5c6722d4887246e31af4?s=96&d=mm&r=g","height":96,"width":96}},"publisher":{"@type":"Organization","name":"abela.cz","logo":{"@type":"ImageObject","@id":"\/logo.png","url":"\/logo.png","width":600,"height":60}},"image":{"@type":"ImageObject","@id":"https:\/\/www.abela.cz\/wp-content\/uploads\/img_a347099_w2808_t1561279197.jpg","url":"https:\/\/www.abela.cz\/wp-content\/uploads\/img_a347099_w2808_t1561279197.jpg","height":0,"width":0},"keywords":null}]}