[{"@context":"https:\/\/schema.org\/","@type":"Article","@id":"https:\/\/www.abela.cz\/brany-s-pohonem\/#Article","mainEntityOfPage":"https:\/\/www.abela.cz\/brany-s-pohonem\/","headline":"Br\u00e1ny s pohonem","name":"Br\u00e1ny s pohonem","description":"M\u00edt opravdu kr\u00e1snou zahradu anebo tak\u00e9 gar\u00e1\u017e \u010di plot, tak to chce n\u011bkdy opravdu hodn\u011b","datePublished":"2025-06-26","dateModified":"2025-06-26","author":{"@type":"Person","@id":"https:\/\/www.abela.cz\/author\/#Person","name":"","url":"https:\/\/www.abela.cz\/author\/","identifier":1,"image":{"@type":"ImageObject","@id":"https:\/\/secure.gravatar.com\/avatar\/9994033610bfa8d5c75e7c2dd1b5bdd54900f4ed2e7e5c6722d4887246e31af4?s=96&d=mm&r=g","url":"https:\/\/secure.gravatar.com\/avatar\/9994033610bfa8d5c75e7c2dd1b5bdd54900f4ed2e7e5c6722d4887246e31af4?s=96&d=mm&r=g","height":96,"width":96}},"publisher":{"@type":"Organization","name":"abela.cz","logo":{"@type":"ImageObject","@id":"\/logo.png","url":"\/logo.png","width":600,"height":60}},"image":{"@type":"ImageObject","@id":"https:\/\/www.abela.cz\/wp-content\/uploads\/industrial-hall-1630736_640.jpg","url":"https:\/\/www.abela.cz\/wp-content\/uploads\/industrial-hall-1630736_640.jpg","height":0,"width":0},"url":"https:\/\/www.abela.cz\/brany-s-pohonem\/","about":["N\u00e1kupy"],"wordCount":438,"articleBody":"      M\u00edt opravdu kr\u00e1snou zahradu anebo tak\u00e9 gar\u00e1\u017e \u010di plot, tak to chce n\u011bkdy opravdu hodn\u011b odvahy, proto\u017ee to n\u011bkdy m\u016f\u017ee b\u00fdt velice n\u00e1ro\u010dn\u00e9, abyste m\u011bli v\u0161echno ud\u011blan\u00e9 dokonal\u00e9, tak, jak jste si p\u0159\u00e1li. J\u00e1 sama jsem si \u0159ekla, \u017ee kdybych d\u011blala novou gar\u00e1\u017e, co\u017e t\u0159eba m\u00e1me v pl\u00e1nu v budouc\u00edch letech, tak bych cht\u011bla u\u017e n\u011bjakou elektrickou br\u00e1nu a nebo tak\u00e9 dvouk\u0159\u00eddl\u00e9 br\u00e1ny, kter\u00e9 jsou s pohonem. Dvouk\u0159\u00eddl\u00e9 br\u00e1ny s pohonem jsou sice o n\u011bco dra\u017e\u0161\u00ed, ne\u017e kdyby byly bez pohonu, ale zase je to v\u00edce praktick\u00e9. Tak\u00e9 to vydr\u017e\u00ed opravdu hodn\u011b dlouho. Je tam velik\u00e1 z\u00e1ruka, mnohalet\u00e1 z\u00e1ruka na to, kdy\u017e se v\u00e1m rozbije pohon, tak\u017ee si mysl\u00edm, \u017ee kdy\u017e tam je zm\u00edn\u011bn\u00e1 z\u00e1ruka na pohon, tak mnoho lid\u00ed pr\u00e1v\u011b na tohle sly\u0161\u00ed a rad\u011bji si po\u0159\u00edd\u00ed dvouk\u0159\u00eddl\u00e9 br\u00e1ny, kter\u00e9 jsou s pohonem.Nav\u00edc tak\u00e9 vypadaly stylov\u011b a je to velice praktick\u00e9. Tak\u00e9 jsem se dozv\u011bd\u011bla, \u017ee jsou firmy, kter\u00e9 u\u017e vyr\u00e1b\u00ed pouze jenom dvouk\u0159\u00eddl\u00e9 br\u00e1ny s pohonem a nebo jsou firmy, kter\u00e9 s t\u00edmhle pracuj\u00ed. Tak\u00e9 bych cht\u011bla ale zm\u00ednit, \u017ee kdy\u017e u\u017e budete m\u00edt dvouk\u0159\u00eddl\u00e9 br\u00e1ny s pohonem, abyste si dali pozor na ten pohon, o ten pohon a stejn\u011b tak o jin\u00e9 stroje \u010di p\u0159\u00edstroje se mus\u00edte samoz\u0159ejm\u011b dokonale starat. Mus\u00edte je promaz\u00e1vat. Nebo \u010distit a tak\u00e9 si mus\u00edte d\u00e1t pozor na to, aby t\u0159eba moc nezmokly, i kdy\u017e tak\u00e9 jsou vod\u011bodoln\u00e9.Nejlep\u0161\u00ed bude, kdy\u017e se t\u0159eba v\u017edycky k sob\u011b p\u0159ivedete n\u011bjak\u00e9ho profesion\u00e1la, n\u011bjak\u00e9ho \u010dlov\u011bka, kter\u00fd se v tom vyzn\u00e1, aby v\u00e1m t\u0159eba dvakr\u00e1t do roka zkontroloval dvouk\u0159\u00eddl\u00e9 br\u00e1ny, kter\u00e9 jsou s pohonem, aby se pod\u00edvala na ten pohon. Jestli v\u0161echno skv\u011ble pasuje a jestli v\u0161echno funguje, jestli t\u0159eba tyto dvouk\u0159\u00eddl\u00e9 br\u00e1ny s pohonem nepot\u0159ebuj\u00ed n\u011bjakou opravu. Pokud v\u00e1s tak\u00e9 zaj\u00edm\u00e1 cena, kter\u00e1 je u dvouk\u0159\u00eddl\u00fdch bran s pohonem, tak samoz\u0159ejm\u011b, \u017ee bude o n\u011bco vy\u0161\u0161\u00ed. Tohle u\u017e jsem \u0159\u00edkala, ale zase m\u00e1 to mnoho v\u00fdhod. Nemus\u00edte se v\u016fbec nervovat s t\u00edm, kdy\u017e v\u00e1m n\u011bco rozbije nebo nebudete m\u00edt n\u00e1ladu n\u011bco otev\u00edrat. Tento pohon to samoz\u0159ejm\u011b ud\u011bl\u00e1 za v\u00e1s.                                                                                                                                                                                                                                                                                                                                                                                           4\/5 - (5 votes)        "},{"@context":"https:\/\/schema.org\/","@type":"BreadcrumbList","itemListElement":[{"@type":"ListItem","position":1,"name":"Br\u00e1ny s pohonem","item":"https:\/\/www.abela.cz\/brany-s-pohonem\/#breadcrumbitem"}]}]